{"id":2335,"date":"2023-06-14T10:49:55","date_gmt":"2023-06-14T14:49:55","guid":{"rendered":"https:\/\/auroreliangartiste.com\/?p=2335"},"modified":"2023-06-16T14:41:38","modified_gmt":"2023-06-16T18:41:38","slug":"festival-masqalors-2023-le-duo-aurore-et-michelle-a-lhonneur","status":"publish","type":"post","link":"https:\/\/auroreliangartiste.com\/en\/festival-masqalors-2023-le-duo-aurore-et-michelle-a-lhonneur\/","title":{"rendered":"Festival Masq&rsquo;alors 2023 : le duo Aurore et Michelle \u00e0 l&rsquo;honneur! [vid\u00e9o]"},"content":{"rendered":"<div data-elementor-type=\"wp-post\" data-elementor-id=\"2335\" class=\"elementor elementor-2335\">\n\t\t\t\t\t\t<section class=\"elementor-section elementor-top-section elementor-element elementor-element-8d02584 elementor-section-boxed elementor-section-height-default elementor-section-height-default parallax_section_no qode_elementor_container_no\" data-id=\"8d02584\" data-element_type=\"section\" data-e-type=\"section\">\n\t\t\t\t\t\t<div class=\"elementor-container elementor-column-gap-default\">\n\t\t\t\t\t<div class=\"elementor-column elementor-col-100 elementor-top-column elementor-element elementor-element-01a6ef6\" data-id=\"01a6ef6\" data-element_type=\"column\" data-e-type=\"column\">\n\t\t\t<div class=\"elementor-widget-wrap elementor-element-populated\">\n\t\t\t\t\t\t<div class=\"elementor-element elementor-element-9d0bfda elementor-widget elementor-widget-text-editor\" data-id=\"9d0bfda\" data-element_type=\"widget\" data-e-type=\"widget\" data-widget_type=\"text-editor.default\">\n\t\t\t\t<div class=\"elementor-widget-container\">\n\t\t\t\t\t\t\t\t\t<p>Michelle and Aurore had the pleasure of presenting an introductory performance to Beijing Opera at <a href=\"https:\/\/masqalors.ca\/\" target=\"_blank\" rel=\"noopener\">Masq&rsquo;alors!<\/a>, the Festival international du masque du Qu\u00e9bec, on June 4. Performed in French, it was an immersive and captivating experience!\u00a0<\/p>\t\t\t\t\t\t\t\t<\/div>\n\t\t\t\t<\/div>\n\t\t\t\t<div class=\"elementor-element elementor-element-1b9ad48 elementor-widget elementor-widget-text-editor\" data-id=\"1b9ad48\" data-element_type=\"widget\" data-e-type=\"widget\" data-widget_type=\"text-editor.default\">\n\t\t\t\t<div class=\"elementor-widget-container\">\n\t\t\t\t\t\t\t\t\t<p>In this interview, mixing French and English, discover Chinese culture through the eyes of these two women.<\/p>\t\t\t\t\t\t\t\t<\/div>\n\t\t\t\t<\/div>\n\t\t\t\t\t<\/div>\n\t\t<\/div>\n\t\t\t\t\t<\/div>\n\t\t<\/section>\n\t\t\t\t<section class=\"elementor-section elementor-top-section elementor-element elementor-element-80810e5 elementor-section-boxed elementor-section-height-default elementor-section-height-default parallax_section_no qode_elementor_container_no\" data-id=\"80810e5\" data-element_type=\"section\" data-e-type=\"section\">\n\t\t\t\t\t\t<div class=\"elementor-container elementor-column-gap-default\">\n\t\t\t\t\t<div class=\"elementor-column elementor-col-50 elementor-top-column elementor-element elementor-element-cb4883b\" data-id=\"cb4883b\" data-element_type=\"column\" data-e-type=\"column\">\n\t\t\t<div class=\"elementor-widget-wrap elementor-element-populated\">\n\t\t\t\t\t\t<div class=\"elementor-element elementor-element-b5d9adb elementor-widget elementor-widget-html\" data-id=\"b5d9adb\" data-element_type=\"widget\" data-e-type=\"widget\" data-widget_type=\"html.default\">\n\t\t\t\t<div class=\"elementor-widget-container\">\n\t\t\t\t\t<iframe src=\"https:\/\/www.facebook.com\/plugins\/video.php?height=476&href=https%3A%2F%2Fwww.facebook.com%2Ffestivalmasqalors%2Fvideos%2F216451821281213%2F&show_text=false&width=267&t=0\" width=\"100\" height=\"600\" style=\"border:none;overflow:hidden\" scrolling=\"no\" frameborder=\"0\" allowfullscreen=\"true\" allow=\"autoplay; clipboard-write; encrypted-media; picture-in-picture; web-share\"><\/iframe>\t\t\t\t<\/div>\n\t\t\t\t<\/div>\n\t\t\t\t\t<\/div>\n\t\t<\/div>\n\t\t\t\t<div class=\"elementor-column elementor-col-50 elementor-top-column elementor-element elementor-element-97bf9a2\" data-id=\"97bf9a2\" data-element_type=\"column\" data-e-type=\"column\">\n\t\t\t<div class=\"elementor-widget-wrap elementor-element-populated\">\n\t\t\t\t\t\t<div class=\"elementor-element elementor-element-73af58f elementor-widget elementor-widget-image\" data-id=\"73af58f\" data-element_type=\"widget\" data-e-type=\"widget\" data-widget_type=\"image.default\">\n\t\t\t\t<div class=\"elementor-widget-container\">\n\t\t\t\t\t\t\t\t\t\t\t\t\t\t\t<img fetchpriority=\"high\" decoding=\"async\" width=\"1000\" height=\"746\" src=\"https:\/\/auroreliangartiste.com\/wp-content\/uploads\/2023\/06\/masqualors-1.jpg\" class=\"attachment-large size-large wp-image-2355\" alt=\"\" srcset=\"https:\/\/auroreliangartiste.com\/wp-content\/uploads\/2023\/06\/masqualors-1.jpg 1000w, https:\/\/auroreliangartiste.com\/wp-content\/uploads\/2023\/06\/masqualors-1-300x224.jpg 300w, https:\/\/auroreliangartiste.com\/wp-content\/uploads\/2023\/06\/masqualors-1-768x573.jpg 768w, https:\/\/auroreliangartiste.com\/wp-content\/uploads\/2023\/06\/masqualors-1-700x522.jpg 700w\" sizes=\"(max-width: 1000px) 100vw, 1000px\" \/>\t\t\t\t\t\t\t\t\t\t\t\t\t\t\t<\/div>\n\t\t\t\t<\/div>\n\t\t\t\t<div class=\"elementor-element elementor-element-c4822b6 elementor-widget elementor-widget-image\" data-id=\"c4822b6\" data-element_type=\"widget\" data-e-type=\"widget\" data-widget_type=\"image.default\">\n\t\t\t\t<div class=\"elementor-widget-container\">\n\t\t\t\t\t\t\t\t\t\t\t\t\t\t\t<img decoding=\"async\" width=\"1000\" height=\"746\" src=\"https:\/\/auroreliangartiste.com\/wp-content\/uploads\/2023\/06\/masqualors-2.jpg\" class=\"attachment-large size-large wp-image-2356\" alt=\"\" srcset=\"https:\/\/auroreliangartiste.com\/wp-content\/uploads\/2023\/06\/masqualors-2.jpg 1000w, https:\/\/auroreliangartiste.com\/wp-content\/uploads\/2023\/06\/masqualors-2-300x224.jpg 300w, https:\/\/auroreliangartiste.com\/wp-content\/uploads\/2023\/06\/masqualors-2-768x573.jpg 768w, https:\/\/auroreliangartiste.com\/wp-content\/uploads\/2023\/06\/masqualors-2-700x522.jpg 700w\" sizes=\"(max-width: 1000px) 100vw, 1000px\" \/>\t\t\t\t\t\t\t\t\t\t\t\t\t\t\t<\/div>\n\t\t\t\t<\/div>\n\t\t\t\t\t<\/div>\n\t\t<\/div>\n\t\t\t\t\t<\/div>\n\t\t<\/section>\n\t\t\t\t<section class=\"elementor-section elementor-top-section elementor-element elementor-element-2811159 elementor-section-boxed elementor-section-height-default elementor-section-height-default parallax_section_no qode_elementor_container_no\" data-id=\"2811159\" data-element_type=\"section\" data-e-type=\"section\">\n\t\t\t\t\t\t<div class=\"elementor-container elementor-column-gap-default\">\n\t\t\t\t\t<div class=\"elementor-column elementor-col-100 elementor-top-column elementor-element elementor-element-965e439\" data-id=\"965e439\" data-element_type=\"column\" data-e-type=\"column\">\n\t\t\t<div class=\"elementor-widget-wrap\">\n\t\t\t\t\t\t\t<\/div>\n\t\t<\/div>\n\t\t\t\t\t<\/div>\n\t\t<\/section>\n\t\t\t\t<\/div>","protected":false},"excerpt":{"rendered":"<p>Michelle et Aurore ont eu le plaisir de pr\u00e9senter un spectacle d&rsquo;initiation \u00e0 l&rsquo;op\u00e9ra de P\u00e9kin lors de Masq&rsquo;alors!, le Festival international du masque du Qu\u00e9bec, le 4 juin dernier. Une pi\u00e8ce interpr\u00e9t\u00e9e en fran\u00e7ais,&#8230;<\/p>","protected":false},"author":1,"featured_media":2362,"comment_status":"closed","ping_status":"closed","sticky":false,"template":"","format":"aside","meta":{"footnotes":""},"categories":[6],"tags":[],"class_list":["post-2335","post","type-post","status-publish","format-aside","has-post-thumbnail","hentry","category-nouvelles","post_format-post-format-aside"],"yoast_head":"<!-- This site is optimized with the Yoast SEO plugin v28.2 - https:\/\/yoast.com\/product\/yoast-seo-wordpress\/ -->\n<title>Festival Masq&#039;alors 2023 : le duo Aurore et Michelle \u00e0 l&#039;honneur! [vid\u00e9o] - Aurore Liang Artiste &amp; collaborateurs<\/title>\n<meta name=\"robots\" content=\"index, follow, max-snippet:-1, max-image-preview:large, max-video-preview:-1\" \/>\n<link rel=\"canonical\" href=\"https:\/\/auroreliangartiste.com\/en\/festival-masqalors-2023-le-duo-aurore-et-michelle-a-lhonneur\/\" \/>\n<meta property=\"og:locale\" content=\"en_US\" \/>\n<meta property=\"og:type\" content=\"article\" \/>\n<meta property=\"og:title\" content=\"Festival Masq&#039;alors 2023 : le duo Aurore et Michelle \u00e0 l&#039;honneur! [vid\u00e9o] - Aurore Liang Artiste &amp; collaborateurs\" \/>\n<meta property=\"og:description\" content=\"Michelle et Aurore ont eu le plaisir de pr\u00e9senter un spectacle d&rsquo;initiation \u00e0 l&rsquo;op\u00e9ra de P\u00e9kin lors de Masq&rsquo;alors!, le Festival international du masque du Qu\u00e9bec, le 4 juin dernier. Une pi\u00e8ce interpr\u00e9t\u00e9e en fran\u00e7ais,...\" \/>\n<meta property=\"og:url\" content=\"https:\/\/auroreliangartiste.com\/en\/festival-masqalors-2023-le-duo-aurore-et-michelle-a-lhonneur\/\" \/>\n<meta property=\"og:site_name\" content=\"Aurore Liang Artiste &amp; collaborateurs\" \/>\n<meta property=\"article:publisher\" content=\"https:\/\/www.facebook.com\/Auroreliangartiste\/\" \/>\n<meta property=\"article:published_time\" content=\"2023-06-14T14:49:55+00:00\" \/>\n<meta property=\"article:modified_time\" content=\"2023-06-16T18:41:38+00:00\" \/>\n<meta property=\"og:image\" content=\"https:\/\/auroreliangartiste.com\/wp-content\/uploads\/2023\/06\/aurore-masqalors-nouvelles.jpg\" \/>\n\t<meta property=\"og:image:width\" content=\"906\" \/>\n\t<meta property=\"og:image:height\" content=\"474\" \/>\n\t<meta property=\"og:image:type\" content=\"image\/jpeg\" \/>\n<meta name=\"author\" content=\"annecaroline\" \/>\n<meta name=\"twitter:card\" content=\"summary_large_image\" \/>\n<meta name=\"twitter:label1\" content=\"Written by\" \/>\n\t<meta name=\"twitter:data1\" content=\"annecaroline\" \/>\n\t<meta name=\"twitter:label2\" content=\"Est. reading time\" \/>\n\t<meta name=\"twitter:data2\" content=\"1 minute\" \/>\n<script type=\"application\/ld+json\" class=\"yoast-schema-graph\">{\"@context\":\"https:\\\/\\\/schema.org\",\"@graph\":[{\"@type\":\"Article\",\"@id\":\"https:\\\/\\\/auroreliangartiste.com\\\/festival-masqalors-2023-le-duo-aurore-et-michelle-a-lhonneur\\\/#article\",\"isPartOf\":{\"@id\":\"https:\\\/\\\/auroreliangartiste.com\\\/festival-masqalors-2023-le-duo-aurore-et-michelle-a-lhonneur\\\/\"},\"author\":{\"name\":\"annecaroline\",\"@id\":\"https:\\\/\\\/auroreliangartiste.com\\\/#\\\/schema\\\/person\\\/4d19b03e706fe57997299018a76fe54f\"},\"headline\":\"Festival Masq&rsquo;alors 2023 : le duo Aurore et Michelle \u00e0 l&rsquo;honneur! [vid\u00e9o]\",\"datePublished\":\"2023-06-14T14:49:55+00:00\",\"dateModified\":\"2023-06-16T18:41:38+00:00\",\"mainEntityOfPage\":{\"@id\":\"https:\\\/\\\/auroreliangartiste.com\\\/festival-masqalors-2023-le-duo-aurore-et-michelle-a-lhonneur\\\/\"},\"wordCount\":84,\"publisher\":{\"@id\":\"https:\\\/\\\/auroreliangartiste.com\\\/#organization\"},\"image\":{\"@id\":\"https:\\\/\\\/auroreliangartiste.com\\\/festival-masqalors-2023-le-duo-aurore-et-michelle-a-lhonneur\\\/#primaryimage\"},\"thumbnailUrl\":\"https:\\\/\\\/auroreliangartiste.com\\\/wp-content\\\/uploads\\\/2023\\\/06\\\/aurore-masqalors-nouvelles.jpg\",\"articleSection\":[\"Nouvelles\"],\"inLanguage\":\"en-CA\"},{\"@type\":\"WebPage\",\"@id\":\"https:\\\/\\\/auroreliangartiste.com\\\/festival-masqalors-2023-le-duo-aurore-et-michelle-a-lhonneur\\\/\",\"url\":\"https:\\\/\\\/auroreliangartiste.com\\\/festival-masqalors-2023-le-duo-aurore-et-michelle-a-lhonneur\\\/\",\"name\":\"Festival Masq'alors 2023 : le duo Aurore et Michelle \u00e0 l'honneur! [vid\u00e9o] - Aurore Liang Artiste &amp; collaborateurs\",\"isPartOf\":{\"@id\":\"https:\\\/\\\/auroreliangartiste.com\\\/#website\"},\"primaryImageOfPage\":{\"@id\":\"https:\\\/\\\/auroreliangartiste.com\\\/festival-masqalors-2023-le-duo-aurore-et-michelle-a-lhonneur\\\/#primaryimage\"},\"image\":{\"@id\":\"https:\\\/\\\/auroreliangartiste.com\\\/festival-masqalors-2023-le-duo-aurore-et-michelle-a-lhonneur\\\/#primaryimage\"},\"thumbnailUrl\":\"https:\\\/\\\/auroreliangartiste.com\\\/wp-content\\\/uploads\\\/2023\\\/06\\\/aurore-masqalors-nouvelles.jpg\",\"datePublished\":\"2023-06-14T14:49:55+00:00\",\"dateModified\":\"2023-06-16T18:41:38+00:00\",\"breadcrumb\":{\"@id\":\"https:\\\/\\\/auroreliangartiste.com\\\/festival-masqalors-2023-le-duo-aurore-et-michelle-a-lhonneur\\\/#breadcrumb\"},\"inLanguage\":\"en-CA\",\"potentialAction\":[{\"@type\":\"ReadAction\",\"target\":[\"https:\\\/\\\/auroreliangartiste.com\\\/festival-masqalors-2023-le-duo-aurore-et-michelle-a-lhonneur\\\/\"]}]},{\"@type\":\"ImageObject\",\"inLanguage\":\"en-CA\",\"@id\":\"https:\\\/\\\/auroreliangartiste.com\\\/festival-masqalors-2023-le-duo-aurore-et-michelle-a-lhonneur\\\/#primaryimage\",\"url\":\"https:\\\/\\\/auroreliangartiste.com\\\/wp-content\\\/uploads\\\/2023\\\/06\\\/aurore-masqalors-nouvelles.jpg\",\"contentUrl\":\"https:\\\/\\\/auroreliangartiste.com\\\/wp-content\\\/uploads\\\/2023\\\/06\\\/aurore-masqalors-nouvelles.jpg\",\"width\":906,\"height\":474},{\"@type\":\"BreadcrumbList\",\"@id\":\"https:\\\/\\\/auroreliangartiste.com\\\/festival-masqalors-2023-le-duo-aurore-et-michelle-a-lhonneur\\\/#breadcrumb\",\"itemListElement\":[{\"@type\":\"ListItem\",\"position\":1,\"name\":\"Accueil\",\"item\":\"https:\\\/\\\/auroreliangartiste.com\\\/\"},{\"@type\":\"ListItem\",\"position\":2,\"name\":\"Festival Masq&rsquo;alors 2023 : le duo Aurore et Michelle \u00e0 l&rsquo;honneur! [vid\u00e9o]\"}]},{\"@type\":\"WebSite\",\"@id\":\"https:\\\/\\\/auroreliangartiste.com\\\/#website\",\"url\":\"https:\\\/\\\/auroreliangartiste.com\\\/\",\"name\":\"Aurore Liang Artiste & collaborateurs\",\"description\":\"\u00c9quipe multidisciplinaire | Arts vivants chinois\",\"publisher\":{\"@id\":\"https:\\\/\\\/auroreliangartiste.com\\\/#organization\"},\"potentialAction\":[{\"@type\":\"SearchAction\",\"target\":{\"@type\":\"EntryPoint\",\"urlTemplate\":\"https:\\\/\\\/auroreliangartiste.com\\\/?s={search_term_string}\"},\"query-input\":{\"@type\":\"PropertyValueSpecification\",\"valueRequired\":true,\"valueName\":\"search_term_string\"}}],\"inLanguage\":\"en-CA\"},{\"@type\":\"Organization\",\"@id\":\"https:\\\/\\\/auroreliangartiste.com\\\/#organization\",\"name\":\"Aurore Liang Artiste & collaborateurs\",\"url\":\"https:\\\/\\\/auroreliangartiste.com\\\/\",\"logo\":{\"@type\":\"ImageObject\",\"inLanguage\":\"en-CA\",\"@id\":\"https:\\\/\\\/auroreliangartiste.com\\\/#\\\/schema\\\/logo\\\/image\\\/\",\"url\":\"https:\\\/\\\/auroreliangartiste.com\\\/wp-content\\\/uploads\\\/2024\\\/10\\\/aurore-logo-2024-black.png\",\"contentUrl\":\"https:\\\/\\\/auroreliangartiste.com\\\/wp-content\\\/uploads\\\/2024\\\/10\\\/aurore-logo-2024-black.png\",\"width\":911,\"height\":404,\"caption\":\"Aurore Liang Artiste & collaborateurs\"},\"image\":{\"@id\":\"https:\\\/\\\/auroreliangartiste.com\\\/#\\\/schema\\\/logo\\\/image\\\/\"},\"sameAs\":[\"https:\\\/\\\/www.facebook.com\\\/Auroreliangartiste\\\/\",\"https:\\\/\\\/www.linkedin.com\\\/in\\\/auroreliang\\\/\",\"https:\\\/\\\/www.youtube.com\\\/channel\\\/UC3rFR58FBls4aNk44n5hoDQ\",\"https:\\\/\\\/www.instagram.com\\\/auroreliangartiste\\\/\"]},{\"@type\":\"Person\",\"@id\":\"https:\\\/\\\/auroreliangartiste.com\\\/#\\\/schema\\\/person\\\/4d19b03e706fe57997299018a76fe54f\",\"name\":\"annecaroline\",\"sameAs\":[\"https:\\\/\\\/auroreliangartiste.com\"],\"url\":\"https:\\\/\\\/auroreliangartiste.com\\\/en\\\/author\\\/annecaroline\\\/\"}]}<\/script>\n<!-- \/ Yoast SEO plugin. -->","yoast_head_json":{"title":"Festival Masq'alors 2023 : le duo Aurore et Michelle \u00e0 l'honneur! [vid\u00e9o] - Aurore Liang Artiste &amp; collaborateurs","robots":{"index":"index","follow":"follow","max-snippet":"max-snippet:-1","max-image-preview":"max-image-preview:large","max-video-preview":"max-video-preview:-1"},"canonical":"https:\/\/auroreliangartiste.com\/en\/festival-masqalors-2023-le-duo-aurore-et-michelle-a-lhonneur\/","og_locale":"en_US","og_type":"article","og_title":"Festival Masq'alors 2023 : le duo Aurore et Michelle \u00e0 l'honneur! [vid\u00e9o] - Aurore Liang Artiste &amp; collaborateurs","og_description":"Michelle et Aurore ont eu le plaisir de pr\u00e9senter un spectacle d&rsquo;initiation \u00e0 l&rsquo;op\u00e9ra de P\u00e9kin lors de Masq&rsquo;alors!, le Festival international du masque du Qu\u00e9bec, le 4 juin dernier. Une pi\u00e8ce interpr\u00e9t\u00e9e en fran\u00e7ais,...","og_url":"https:\/\/auroreliangartiste.com\/en\/festival-masqalors-2023-le-duo-aurore-et-michelle-a-lhonneur\/","og_site_name":"Aurore Liang Artiste &amp; collaborateurs","article_publisher":"https:\/\/www.facebook.com\/Auroreliangartiste\/","article_published_time":"2023-06-14T14:49:55+00:00","article_modified_time":"2023-06-16T18:41:38+00:00","og_image":[{"width":906,"height":474,"url":"https:\/\/auroreliangartiste.com\/wp-content\/uploads\/2023\/06\/aurore-masqalors-nouvelles.jpg","type":"image\/jpeg"}],"author":"annecaroline","twitter_card":"summary_large_image","twitter_misc":{"Written by":"annecaroline","Est. reading time":"1 minute"},"schema":{"@context":"https:\/\/schema.org","@graph":[{"@type":"Article","@id":"https:\/\/auroreliangartiste.com\/festival-masqalors-2023-le-duo-aurore-et-michelle-a-lhonneur\/#article","isPartOf":{"@id":"https:\/\/auroreliangartiste.com\/festival-masqalors-2023-le-duo-aurore-et-michelle-a-lhonneur\/"},"author":{"name":"annecaroline","@id":"https:\/\/auroreliangartiste.com\/#\/schema\/person\/4d19b03e706fe57997299018a76fe54f"},"headline":"Festival Masq&rsquo;alors 2023 : le duo Aurore et Michelle \u00e0 l&rsquo;honneur! [vid\u00e9o]","datePublished":"2023-06-14T14:49:55+00:00","dateModified":"2023-06-16T18:41:38+00:00","mainEntityOfPage":{"@id":"https:\/\/auroreliangartiste.com\/festival-masqalors-2023-le-duo-aurore-et-michelle-a-lhonneur\/"},"wordCount":84,"publisher":{"@id":"https:\/\/auroreliangartiste.com\/#organization"},"image":{"@id":"https:\/\/auroreliangartiste.com\/festival-masqalors-2023-le-duo-aurore-et-michelle-a-lhonneur\/#primaryimage"},"thumbnailUrl":"https:\/\/auroreliangartiste.com\/wp-content\/uploads\/2023\/06\/aurore-masqalors-nouvelles.jpg","articleSection":["Nouvelles"],"inLanguage":"en-CA"},{"@type":"WebPage","@id":"https:\/\/auroreliangartiste.com\/festival-masqalors-2023-le-duo-aurore-et-michelle-a-lhonneur\/","url":"https:\/\/auroreliangartiste.com\/festival-masqalors-2023-le-duo-aurore-et-michelle-a-lhonneur\/","name":"Festival Masq'alors 2023 : le duo Aurore et Michelle \u00e0 l'honneur! [vid\u00e9o] - Aurore Liang Artiste &amp; collaborateurs","isPartOf":{"@id":"https:\/\/auroreliangartiste.com\/#website"},"primaryImageOfPage":{"@id":"https:\/\/auroreliangartiste.com\/festival-masqalors-2023-le-duo-aurore-et-michelle-a-lhonneur\/#primaryimage"},"image":{"@id":"https:\/\/auroreliangartiste.com\/festival-masqalors-2023-le-duo-aurore-et-michelle-a-lhonneur\/#primaryimage"},"thumbnailUrl":"https:\/\/auroreliangartiste.com\/wp-content\/uploads\/2023\/06\/aurore-masqalors-nouvelles.jpg","datePublished":"2023-06-14T14:49:55+00:00","dateModified":"2023-06-16T18:41:38+00:00","breadcrumb":{"@id":"https:\/\/auroreliangartiste.com\/festival-masqalors-2023-le-duo-aurore-et-michelle-a-lhonneur\/#breadcrumb"},"inLanguage":"en-CA","potentialAction":[{"@type":"ReadAction","target":["https:\/\/auroreliangartiste.com\/festival-masqalors-2023-le-duo-aurore-et-michelle-a-lhonneur\/"]}]},{"@type":"ImageObject","inLanguage":"en-CA","@id":"https:\/\/auroreliangartiste.com\/festival-masqalors-2023-le-duo-aurore-et-michelle-a-lhonneur\/#primaryimage","url":"https:\/\/auroreliangartiste.com\/wp-content\/uploads\/2023\/06\/aurore-masqalors-nouvelles.jpg","contentUrl":"https:\/\/auroreliangartiste.com\/wp-content\/uploads\/2023\/06\/aurore-masqalors-nouvelles.jpg","width":906,"height":474},{"@type":"BreadcrumbList","@id":"https:\/\/auroreliangartiste.com\/festival-masqalors-2023-le-duo-aurore-et-michelle-a-lhonneur\/#breadcrumb","itemListElement":[{"@type":"ListItem","position":1,"name":"Accueil","item":"https:\/\/auroreliangartiste.com\/"},{"@type":"ListItem","position":2,"name":"Festival Masq&rsquo;alors 2023 : le duo Aurore et Michelle \u00e0 l&rsquo;honneur! [vid\u00e9o]"}]},{"@type":"WebSite","@id":"https:\/\/auroreliangartiste.com\/#website","url":"https:\/\/auroreliangartiste.com\/","name":"Aurore Liang Artiste & collaborateurs","description":"\u00c9quipe multidisciplinaire | Arts vivants chinois","publisher":{"@id":"https:\/\/auroreliangartiste.com\/#organization"},"potentialAction":[{"@type":"SearchAction","target":{"@type":"EntryPoint","urlTemplate":"https:\/\/auroreliangartiste.com\/?s={search_term_string}"},"query-input":{"@type":"PropertyValueSpecification","valueRequired":true,"valueName":"search_term_string"}}],"inLanguage":"en-CA"},{"@type":"Organization","@id":"https:\/\/auroreliangartiste.com\/#organization","name":"Aurore Liang Artiste & collaborateurs","url":"https:\/\/auroreliangartiste.com\/","logo":{"@type":"ImageObject","inLanguage":"en-CA","@id":"https:\/\/auroreliangartiste.com\/#\/schema\/logo\/image\/","url":"https:\/\/auroreliangartiste.com\/wp-content\/uploads\/2024\/10\/aurore-logo-2024-black.png","contentUrl":"https:\/\/auroreliangartiste.com\/wp-content\/uploads\/2024\/10\/aurore-logo-2024-black.png","width":911,"height":404,"caption":"Aurore Liang Artiste & collaborateurs"},"image":{"@id":"https:\/\/auroreliangartiste.com\/#\/schema\/logo\/image\/"},"sameAs":["https:\/\/www.facebook.com\/Auroreliangartiste\/","https:\/\/www.linkedin.com\/in\/auroreliang\/","https:\/\/www.youtube.com\/channel\/UC3rFR58FBls4aNk44n5hoDQ","https:\/\/www.instagram.com\/auroreliangartiste\/"]},{"@type":"Person","@id":"https:\/\/auroreliangartiste.com\/#\/schema\/person\/4d19b03e706fe57997299018a76fe54f","name":"annecaroline","sameAs":["https:\/\/auroreliangartiste.com"],"url":"https:\/\/auroreliangartiste.com\/en\/author\/annecaroline\/"}]}},"_links":{"self":[{"href":"https:\/\/auroreliangartiste.com\/en\/wp-json\/wp\/v2\/posts\/2335","targetHints":{"allow":["GET"]}}],"collection":[{"href":"https:\/\/auroreliangartiste.com\/en\/wp-json\/wp\/v2\/posts"}],"about":[{"href":"https:\/\/auroreliangartiste.com\/en\/wp-json\/wp\/v2\/types\/post"}],"author":[{"embeddable":true,"href":"https:\/\/auroreliangartiste.com\/en\/wp-json\/wp\/v2\/users\/1"}],"replies":[{"embeddable":true,"href":"https:\/\/auroreliangartiste.com\/en\/wp-json\/wp\/v2\/comments?post=2335"}],"version-history":[{"count":25,"href":"https:\/\/auroreliangartiste.com\/en\/wp-json\/wp\/v2\/posts\/2335\/revisions"}],"predecessor-version":[{"id":2564,"href":"https:\/\/auroreliangartiste.com\/en\/wp-json\/wp\/v2\/posts\/2335\/revisions\/2564"}],"wp:featuredmedia":[{"embeddable":true,"href":"https:\/\/auroreliangartiste.com\/en\/wp-json\/wp\/v2\/media\/2362"}],"wp:attachment":[{"href":"https:\/\/auroreliangartiste.com\/en\/wp-json\/wp\/v2\/media?parent=2335"}],"wp:term":[{"taxonomy":"category","embeddable":true,"href":"https:\/\/auroreliangartiste.com\/en\/wp-json\/wp\/v2\/categories?post=2335"},{"taxonomy":"post_tag","embeddable":true,"href":"https:\/\/auroreliangartiste.com\/en\/wp-json\/wp\/v2\/tags?post=2335"}],"curies":[{"name":"wp","href":"https:\/\/api.w.org\/{rel}","templated":true}]}}